{"id":2602,"date":"2019-12-16T14:41:37","date_gmt":"2019-12-16T14:41:37","guid":{"rendered":"https:\/\/povezanahrvatska.eu\/vijesti\/svecano-otvorena-nova-pruga-izmedu-gradeca-i-sv-ivana-zabno\/"},"modified":"2020-12-01T08:33:05","modified_gmt":"2020-12-01T08:33:05","slug":"svecano-otvorena-nova-pruga-izmedu-gradeca-i-sv-ivana-zabno","status":"publish","type":"news","link":"https:\/\/povezanahrvatska.eu\/en\/vijesti\/svecano-otvorena-nova-pruga-izmedu-gradeca-i-sv-ivana-zabno\/","title":{"rendered":"Ceremonial opening of the new railway between Gradec and Sveti Ivan \u017dabno"},"content":{"rendered":"\n<p>The railway line opening was attended by Prime Minister <strong>Andrej Plenkovi\u0107<\/strong>, Speaker of the Croatian Parliament <strong>Gordan Jandrokovi\u0107 <\/strong>and Minister of the Sea, Transport and Infrastructure <strong>Oleg Butkovi\u0107<\/strong>, who headed off to the inaugural journey from Sv. Ivan \u017dabno to Gradec and back accompanied by the rest of the invitees.<\/p>\n\n\n\n<figure class=\"wp-block-image size-large\"><img decoding=\"async\" loading=\"lazy\" width=\"750\" height=\"500\" src=\"http:\/\/povezanahrvatska.eu\/wp-content\/uploads\/2020\/05\/2-MIN-HZPP-G-SIZ-16-12_19.jpg\" alt=\"\" class=\"wp-image-1025\" srcset=\"https:\/\/povezanahrvatska.eu\/wp-content\/uploads\/2020\/05\/2-MIN-HZPP-G-SIZ-16-12_19.jpg 750w, https:\/\/povezanahrvatska.eu\/wp-content\/uploads\/2020\/05\/2-MIN-HZPP-G-SIZ-16-12_19-720x480.jpg 720w, https:\/\/povezanahrvatska.eu\/wp-content\/uploads\/2020\/05\/2-MIN-HZPP-G-SIZ-16-12_19-440x293.jpg 440w, https:\/\/povezanahrvatska.eu\/wp-content\/uploads\/2020\/05\/2-MIN-HZPP-G-SIZ-16-12_19-100x67.jpg 100w\" sizes=\"(max-width: 750px) 100vw, 750px\" \/><\/figure>\n\n\n\n<p>Minister Oleg Butkovi\u0107 expressed his delight over the opening of the new railway and pointed to the size of the current investment in railroads, namely 1,2 billion euros. &#8220;That the announcements of large investments are not just promises is also evidenced by the fact that today, after half a century, we are witnessing a new railway line that will connect Bjelovar and Zagreb, and by the end of the year we will sign two important contracts. One for works on the section from Vinkovci to Vukovar, and the other awarding the grant for one of the most important projects, the section from Hrvatski Leskovac to Karlovac.&#8221; noted Minister Butkovi\u0107.<\/p>\n\n\n\n<p>The Gradec &#8211; Sveti Ivan \u017dabno railway line is the first newly constructed railway in Croatia in 52 years. The value of the entire project, co-financed by the European Regional Development Fund and the Cohesion Fund, is 34,4 million euros.<\/p>\n\n\n","protected":false},"excerpt":{"rendered":"<p>A ceremony at the Sv. Ivan \u017dabno station marked the opening of a new 12,2 km railway line stretching from the Gradec station to Sv. Ivan \u017dabno station.<\/p>\n","protected":false},"featured_media":1024,"template":"","acf":[],"yoast_head":"<!-- This site is optimized with the Yoast SEO plugin v20.6 - https:\/\/yoast.com\/wordpress\/plugins\/seo\/ -->\n<title>Ceremonial opening of the new railway between Gradec and Sveti Ivan \u017dabno - Povezanahrvatska<\/title>\n<meta name=\"robots\" content=\"index, follow, max-snippet:-1, max-image-preview:large, max-video-preview:-1\" \/>\n<link rel=\"canonical\" href=\"https:\/\/povezanahrvatska.eu\/en\/vijesti\/svecano-otvorena-nova-pruga-izmedu-gradeca-i-sv-ivana-zabno\/\" \/>\n<meta property=\"og:locale\" content=\"en_US\" \/>\n<meta property=\"og:type\" content=\"article\" \/>\n<meta property=\"og:title\" content=\"Ceremonial opening of the new railway between Gradec and Sveti Ivan \u017dabno - Povezanahrvatska\" \/>\n<meta property=\"og:description\" content=\"A ceremony at the Sv. Ivan \u017dabno station marked the opening of a new 12,2 km railway line stretching from the Gradec station to Sv. Ivan \u017dabno station.\" \/>\n<meta property=\"og:url\" content=\"https:\/\/povezanahrvatska.eu\/en\/vijesti\/svecano-otvorena-nova-pruga-izmedu-gradeca-i-sv-ivana-zabno\/\" \/>\n<meta property=\"og:site_name\" content=\"Povezanahrvatska\" \/>\n<meta property=\"article:modified_time\" content=\"2020-12-01T08:33:05+00:00\" \/>\n<meta property=\"og:image\" content=\"https:\/\/povezanahrvatska.eu\/wp-content\/uploads\/2020\/05\/4-MIN-HZPP-G-SIZ-16-12_19.jpg\" \/>\n\t<meta property=\"og:image:width\" content=\"750\" \/>\n\t<meta property=\"og:image:height\" content=\"562\" \/>\n\t<meta property=\"og:image:type\" content=\"image\/jpeg\" \/>\n<meta name=\"twitter:card\" content=\"summary_large_image\" \/>\n<meta name=\"twitter:label1\" content=\"Est. reading time\" \/>\n\t<meta name=\"twitter:data1\" content=\"1 minute\" \/>\n<script type=\"application\/ld+json\" class=\"yoast-schema-graph\">{\"@context\":\"https:\/\/schema.org\",\"@graph\":[{\"@type\":\"WebPage\",\"@id\":\"https:\/\/povezanahrvatska.eu\/en\/vijesti\/svecano-otvorena-nova-pruga-izmedu-gradeca-i-sv-ivana-zabno\/\",\"url\":\"https:\/\/povezanahrvatska.eu\/en\/vijesti\/svecano-otvorena-nova-pruga-izmedu-gradeca-i-sv-ivana-zabno\/\",\"name\":\"Ceremonial opening of the new railway between Gradec and Sveti Ivan \u017dabno - Povezanahrvatska\",\"isPartOf\":{\"@id\":\"https:\/\/povezanahrvatska.eu\/#website\"},\"datePublished\":\"2019-12-16T14:41:37+00:00\",\"dateModified\":\"2020-12-01T08:33:05+00:00\",\"breadcrumb\":{\"@id\":\"https:\/\/povezanahrvatska.eu\/en\/vijesti\/svecano-otvorena-nova-pruga-izmedu-gradeca-i-sv-ivana-zabno\/#breadcrumb\"},\"inLanguage\":\"en-US\",\"potentialAction\":[{\"@type\":\"ReadAction\",\"target\":[\"https:\/\/povezanahrvatska.eu\/en\/vijesti\/svecano-otvorena-nova-pruga-izmedu-gradeca-i-sv-ivana-zabno\/\"]}]},{\"@type\":\"BreadcrumbList\",\"@id\":\"https:\/\/povezanahrvatska.eu\/en\/vijesti\/svecano-otvorena-nova-pruga-izmedu-gradeca-i-sv-ivana-zabno\/#breadcrumb\",\"itemListElement\":[{\"@type\":\"ListItem\",\"position\":1,\"name\":\"Home\",\"item\":\"https:\/\/povezanahrvatska.eu\/en\/\"},{\"@type\":\"ListItem\",\"position\":2,\"name\":\"News\",\"item\":\"https:\/\/povezanahrvatska.eu\/en\/vijesti\/\"},{\"@type\":\"ListItem\",\"position\":3,\"name\":\"Ceremonial opening of the new railway between Gradec and Sveti Ivan \u017dabno\"}]},{\"@type\":\"WebSite\",\"@id\":\"https:\/\/povezanahrvatska.eu\/#website\",\"url\":\"https:\/\/povezanahrvatska.eu\/\",\"name\":\"Povezanahrvatska\",\"description\":\"Povezanahrvatska\",\"potentialAction\":[{\"@type\":\"SearchAction\",\"target\":{\"@type\":\"EntryPoint\",\"urlTemplate\":\"https:\/\/povezanahrvatska.eu\/?s={search_term_string}\"},\"query-input\":\"required name=search_term_string\"}],\"inLanguage\":\"en-US\"}]}<\/script>\n<!-- \/ Yoast SEO plugin. -->","yoast_head_json":{"title":"Ceremonial opening of the new railway between Gradec and Sveti Ivan \u017dabno - Povezanahrvatska","robots":{"index":"index","follow":"follow","max-snippet":"max-snippet:-1","max-image-preview":"max-image-preview:large","max-video-preview":"max-video-preview:-1"},"canonical":"https:\/\/povezanahrvatska.eu\/en\/vijesti\/svecano-otvorena-nova-pruga-izmedu-gradeca-i-sv-ivana-zabno\/","og_locale":"en_US","og_type":"article","og_title":"Ceremonial opening of the new railway between Gradec and Sveti Ivan \u017dabno - Povezanahrvatska","og_description":"A ceremony at the Sv. Ivan \u017dabno station marked the opening of a new 12,2 km railway line stretching from the Gradec station to Sv. Ivan \u017dabno station.","og_url":"https:\/\/povezanahrvatska.eu\/en\/vijesti\/svecano-otvorena-nova-pruga-izmedu-gradeca-i-sv-ivana-zabno\/","og_site_name":"Povezanahrvatska","article_modified_time":"2020-12-01T08:33:05+00:00","og_image":[{"width":750,"height":562,"url":"https:\/\/povezanahrvatska.eu\/wp-content\/uploads\/2020\/05\/4-MIN-HZPP-G-SIZ-16-12_19.jpg","type":"image\/jpeg"}],"twitter_card":"summary_large_image","twitter_misc":{"Est. reading time":"1 minute"},"schema":{"@context":"https:\/\/schema.org","@graph":[{"@type":"WebPage","@id":"https:\/\/povezanahrvatska.eu\/en\/vijesti\/svecano-otvorena-nova-pruga-izmedu-gradeca-i-sv-ivana-zabno\/","url":"https:\/\/povezanahrvatska.eu\/en\/vijesti\/svecano-otvorena-nova-pruga-izmedu-gradeca-i-sv-ivana-zabno\/","name":"Ceremonial opening of the new railway between Gradec and Sveti Ivan \u017dabno - Povezanahrvatska","isPartOf":{"@id":"https:\/\/povezanahrvatska.eu\/#website"},"datePublished":"2019-12-16T14:41:37+00:00","dateModified":"2020-12-01T08:33:05+00:00","breadcrumb":{"@id":"https:\/\/povezanahrvatska.eu\/en\/vijesti\/svecano-otvorena-nova-pruga-izmedu-gradeca-i-sv-ivana-zabno\/#breadcrumb"},"inLanguage":"en-US","potentialAction":[{"@type":"ReadAction","target":["https:\/\/povezanahrvatska.eu\/en\/vijesti\/svecano-otvorena-nova-pruga-izmedu-gradeca-i-sv-ivana-zabno\/"]}]},{"@type":"BreadcrumbList","@id":"https:\/\/povezanahrvatska.eu\/en\/vijesti\/svecano-otvorena-nova-pruga-izmedu-gradeca-i-sv-ivana-zabno\/#breadcrumb","itemListElement":[{"@type":"ListItem","position":1,"name":"Home","item":"https:\/\/povezanahrvatska.eu\/en\/"},{"@type":"ListItem","position":2,"name":"News","item":"https:\/\/povezanahrvatska.eu\/en\/vijesti\/"},{"@type":"ListItem","position":3,"name":"Ceremonial opening of the new railway between Gradec and Sveti Ivan \u017dabno"}]},{"@type":"WebSite","@id":"https:\/\/povezanahrvatska.eu\/#website","url":"https:\/\/povezanahrvatska.eu\/","name":"Povezanahrvatska","description":"Povezanahrvatska","potentialAction":[{"@type":"SearchAction","target":{"@type":"EntryPoint","urlTemplate":"https:\/\/povezanahrvatska.eu\/?s={search_term_string}"},"query-input":"required name=search_term_string"}],"inLanguage":"en-US"}]}},"_links":{"self":[{"href":"https:\/\/povezanahrvatska.eu\/en\/wp-json\/wp\/v2\/news\/2602"}],"collection":[{"href":"https:\/\/povezanahrvatska.eu\/en\/wp-json\/wp\/v2\/news"}],"about":[{"href":"https:\/\/povezanahrvatska.eu\/en\/wp-json\/wp\/v2\/types\/news"}],"wp:featuredmedia":[{"embeddable":true,"href":"https:\/\/povezanahrvatska.eu\/en\/wp-json\/wp\/v2\/media\/1024"}],"wp:attachment":[{"href":"https:\/\/povezanahrvatska.eu\/en\/wp-json\/wp\/v2\/media?parent=2602"}],"curies":[{"name":"wp","href":"https:\/\/api.w.org\/{rel}","templated":true}]}}