{"id":3020,"date":"2020-11-13T12:49:41","date_gmt":"2020-11-13T12:49:41","guid":{"rendered":"https:\/\/povezanahrvatska.eu\/vijesti\/predstavljen-eu-projekt-koji-ujedinjuje-brac\/"},"modified":"2020-12-01T07:40:31","modified_gmt":"2020-12-01T07:40:31","slug":"predstavljen-eu-projekt-koji-ujedinjuje-brac","status":"publish","type":"news","link":"https:\/\/povezanahrvatska.eu\/en\/vijesti\/predstavljen-eu-projekt-koji-ujedinjuje-brac\/","title":{"rendered":"Presentation of EU project that will bring Bra\u010d together"},"content":{"rendered":"\n<p>Today, an opening conference was held in the Lora public hall in Split, where the EU project &#8220;Construction of the road Pu\u010di\u0161\u0107a \u2013 Povlja, section Pu\u010di\u0161\u0107a \u2013 cove Luka&#8221;, implemented by the County Road Office of the Split-Dalmatia County, was presented. The conference, organized according to the rules conditioned by the presence of the epidemic, was hosted by the director of County Road Office Split <strong>Petar \u0160kori\u0107<\/strong> and project manager <strong>Hrvoje Bali\u0107<\/strong>, with the places of honor occupied by the prefect of Split-Dalmatia County <strong>Bla\u017eenko Boban<\/strong> and the mayor of Pu\u010di\u0161\u0107a <strong>Marino Ka\u0161telan<\/strong>.<\/p>\n\n\n\n<p>The motto of the conference was &#8220;One Bra\u010d&#8221;, and it was followed by a visit to Bra\u010d and a tour of construction sites on the section Pu\u010di\u0161\u0107a &#8211; cove Luka, bustling since October when the earthworks began. The participants of the conference were joined in the tour by the Mayor of Selca <strong>Ivan Marijan\u010devi\u0107<\/strong>, and representatives of the company Patrlji Ltd. which is performing the works.<\/p>\n\n\n\n<p>The project envisages the construction of a road totaling 4,825 m from the intersection of County Road \u017dC 6161 with the unclassified road Pu\u010di\u0161\u0107a-Jadrankamen to the intersection with the turnoff of the unclassified road in the direction of Tourist Zone &#8220;Luka&#8221;. The construction of the section Pu\u010di\u0161\u0107a &#8211; Luka bay represents the first phase in the reconstruction and construction of the road Supetar &#8211; Pu\u010di\u0161\u0107a &#8211; Povlja &#8211; Sumartin. The value of the project is 8.1 million euros, with 85% of the costs funded by the EU Cohesion Fund, and judging by the statements of county and local representatives, the benefits of the project will far exceed the value of works:<\/p>\n\n\n\n<p>&#8220;<em>After long talks on selecting the best route, it turned out that the one we are constructing is the most vital, that it brings the most benefits to our population and opens the most opportunities for economic development. This section by itself creates preconditions for the realization of investments worth over one billion kuna<\/em> (approx. \u20ac 130 mil.)&#8221;, the Mayor of Pu\u010di\u0161\u0107a Marino Ka\u0161telan averred.<\/p>\n\n\n\n<p>The basis for this generous appraisal lies in the fact that the completion of the first phase brings the people of Bra\u010d a connection with the only island cargo port in the bay Veselje, provides access to over 250 hectares of architectural and building stone quarries, resolves the road connection issues for the planned tourist zone development in Luka cove, enables the accelerated development of agriculture and agritourism and helps improve regional fire protection.<\/p>\n\n\n\n<p>Prefect Bla\u017eenko Boban agreed with the assessment: &#8220;<em>The construction of this road will open additional tourist and economic perspectives, which is evident in the development of new quarries and the construction of a cargo port in Veselje Bay and in the construction of a tourism\/hospitality zone in Luka cove<\/em>.&#8221;<\/p>\n\n\n\n<p>Completion of works on the section is expected within 18 months, and the project implementation period ends in January 2023.<\/p>\n\n\n","protected":false},"excerpt":{"rendered":"<p>An opening conference was held for the project &#8220;Construction of the road Pu\u010di\u0161\u0107a \u2013 Povlja, section Pu\u010di\u0161\u0107a \u2013 cove Luka&#8221; organized by the County Road Office Split. The project envisages the construction of a 4.8 km road from the intersection of County Road \u017dC 6161 with the unclassified road Pu\u010di\u0161\u0107a-Jadrankamen to the intersection with the turnoff of the unclassified road in the direction of Tourist Zone &#8220;Luka&#8221;, or the first phase in the reconstruction and construction of the road Supetar &#8211; Pu\u010di\u0161\u0107a &#8211; Povlja &#8211; Sumartin.<\/p>\n","protected":false},"featured_media":3018,"template":"","acf":[],"yoast_head":"<!-- This site is optimized with the Yoast SEO plugin v20.6 - https:\/\/yoast.com\/wordpress\/plugins\/seo\/ -->\n<title>Presentation of EU project that will bring Bra\u010d together - Povezanahrvatska<\/title>\n<meta name=\"robots\" content=\"index, follow, max-snippet:-1, max-image-preview:large, max-video-preview:-1\" \/>\n<link rel=\"canonical\" href=\"https:\/\/povezanahrvatska.eu\/en\/vijesti\/predstavljen-eu-projekt-koji-ujedinjuje-brac\/\" \/>\n<meta property=\"og:locale\" content=\"en_US\" \/>\n<meta property=\"og:type\" content=\"article\" \/>\n<meta property=\"og:title\" content=\"Presentation of EU project that will bring Bra\u010d together - Povezanahrvatska\" \/>\n<meta property=\"og:description\" content=\"An opening conference was held for the project &quot;Construction of the road Pu\u010di\u0161\u0107a \u2013 Povlja, section Pu\u010di\u0161\u0107a \u2013 cove Luka&quot; organized by the County Road Office Split. The project envisages the construction of a 4.8 km road from the intersection of County Road \u017dC 6161 with the unclassified road Pu\u010di\u0161\u0107a-Jadrankamen to the intersection with the turnoff of the unclassified road in the direction of Tourist Zone &quot;Luka&quot;, or the first phase in the reconstruction and construction of the road Supetar - Pu\u010di\u0161\u0107a - Povlja - Sumartin.\" \/>\n<meta property=\"og:url\" content=\"https:\/\/povezanahrvatska.eu\/en\/vijesti\/predstavljen-eu-projekt-koji-ujedinjuje-brac\/\" \/>\n<meta property=\"og:site_name\" content=\"Povezanahrvatska\" \/>\n<meta property=\"article:modified_time\" content=\"2020-12-01T07:40:31+00:00\" \/>\n<meta property=\"og:image\" content=\"https:\/\/povezanahrvatska.eu\/wp-content\/uploads\/2020\/11\/IMG_2788-scaled.jpg\" \/>\n\t<meta property=\"og:image:width\" content=\"2560\" \/>\n\t<meta property=\"og:image:height\" content=\"1920\" \/>\n\t<meta property=\"og:image:type\" content=\"image\/jpeg\" \/>\n<meta name=\"twitter:card\" content=\"summary_large_image\" \/>\n<meta name=\"twitter:label1\" content=\"Est. reading time\" \/>\n\t<meta name=\"twitter:data1\" content=\"2 minutes\" \/>\n<script type=\"application\/ld+json\" class=\"yoast-schema-graph\">{\"@context\":\"https:\/\/schema.org\",\"@graph\":[{\"@type\":\"WebPage\",\"@id\":\"https:\/\/povezanahrvatska.eu\/en\/vijesti\/predstavljen-eu-projekt-koji-ujedinjuje-brac\/\",\"url\":\"https:\/\/povezanahrvatska.eu\/en\/vijesti\/predstavljen-eu-projekt-koji-ujedinjuje-brac\/\",\"name\":\"Presentation of EU project that will bring Bra\u010d together - Povezanahrvatska\",\"isPartOf\":{\"@id\":\"https:\/\/povezanahrvatska.eu\/#website\"},\"datePublished\":\"2020-11-13T12:49:41+00:00\",\"dateModified\":\"2020-12-01T07:40:31+00:00\",\"breadcrumb\":{\"@id\":\"https:\/\/povezanahrvatska.eu\/en\/vijesti\/predstavljen-eu-projekt-koji-ujedinjuje-brac\/#breadcrumb\"},\"inLanguage\":\"en-US\",\"potentialAction\":[{\"@type\":\"ReadAction\",\"target\":[\"https:\/\/povezanahrvatska.eu\/en\/vijesti\/predstavljen-eu-projekt-koji-ujedinjuje-brac\/\"]}]},{\"@type\":\"BreadcrumbList\",\"@id\":\"https:\/\/povezanahrvatska.eu\/en\/vijesti\/predstavljen-eu-projekt-koji-ujedinjuje-brac\/#breadcrumb\",\"itemListElement\":[{\"@type\":\"ListItem\",\"position\":1,\"name\":\"Home\",\"item\":\"https:\/\/povezanahrvatska.eu\/en\/\"},{\"@type\":\"ListItem\",\"position\":2,\"name\":\"News\",\"item\":\"https:\/\/povezanahrvatska.eu\/en\/vijesti\/\"},{\"@type\":\"ListItem\",\"position\":3,\"name\":\"Presentation of EU project that will bring Bra\u010d together\"}]},{\"@type\":\"WebSite\",\"@id\":\"https:\/\/povezanahrvatska.eu\/#website\",\"url\":\"https:\/\/povezanahrvatska.eu\/\",\"name\":\"Povezanahrvatska\",\"description\":\"Povezanahrvatska\",\"potentialAction\":[{\"@type\":\"SearchAction\",\"target\":{\"@type\":\"EntryPoint\",\"urlTemplate\":\"https:\/\/povezanahrvatska.eu\/?s={search_term_string}\"},\"query-input\":\"required name=search_term_string\"}],\"inLanguage\":\"en-US\"}]}<\/script>\n<!-- \/ Yoast SEO plugin. -->","yoast_head_json":{"title":"Presentation of EU project that will bring Bra\u010d together - Povezanahrvatska","robots":{"index":"index","follow":"follow","max-snippet":"max-snippet:-1","max-image-preview":"max-image-preview:large","max-video-preview":"max-video-preview:-1"},"canonical":"https:\/\/povezanahrvatska.eu\/en\/vijesti\/predstavljen-eu-projekt-koji-ujedinjuje-brac\/","og_locale":"en_US","og_type":"article","og_title":"Presentation of EU project that will bring Bra\u010d together - Povezanahrvatska","og_description":"An opening conference was held for the project \"Construction of the road Pu\u010di\u0161\u0107a \u2013 Povlja, section Pu\u010di\u0161\u0107a \u2013 cove Luka\" organized by the County Road Office Split. The project envisages the construction of a 4.8 km road from the intersection of County Road \u017dC 6161 with the unclassified road Pu\u010di\u0161\u0107a-Jadrankamen to the intersection with the turnoff of the unclassified road in the direction of Tourist Zone \"Luka\", or the first phase in the reconstruction and construction of the road Supetar - Pu\u010di\u0161\u0107a - Povlja - Sumartin.","og_url":"https:\/\/povezanahrvatska.eu\/en\/vijesti\/predstavljen-eu-projekt-koji-ujedinjuje-brac\/","og_site_name":"Povezanahrvatska","article_modified_time":"2020-12-01T07:40:31+00:00","og_image":[{"width":2560,"height":1920,"url":"https:\/\/povezanahrvatska.eu\/wp-content\/uploads\/2020\/11\/IMG_2788-scaled.jpg","type":"image\/jpeg"}],"twitter_card":"summary_large_image","twitter_misc":{"Est. reading time":"2 minutes"},"schema":{"@context":"https:\/\/schema.org","@graph":[{"@type":"WebPage","@id":"https:\/\/povezanahrvatska.eu\/en\/vijesti\/predstavljen-eu-projekt-koji-ujedinjuje-brac\/","url":"https:\/\/povezanahrvatska.eu\/en\/vijesti\/predstavljen-eu-projekt-koji-ujedinjuje-brac\/","name":"Presentation of EU project that will bring Bra\u010d together - Povezanahrvatska","isPartOf":{"@id":"https:\/\/povezanahrvatska.eu\/#website"},"datePublished":"2020-11-13T12:49:41+00:00","dateModified":"2020-12-01T07:40:31+00:00","breadcrumb":{"@id":"https:\/\/povezanahrvatska.eu\/en\/vijesti\/predstavljen-eu-projekt-koji-ujedinjuje-brac\/#breadcrumb"},"inLanguage":"en-US","potentialAction":[{"@type":"ReadAction","target":["https:\/\/povezanahrvatska.eu\/en\/vijesti\/predstavljen-eu-projekt-koji-ujedinjuje-brac\/"]}]},{"@type":"BreadcrumbList","@id":"https:\/\/povezanahrvatska.eu\/en\/vijesti\/predstavljen-eu-projekt-koji-ujedinjuje-brac\/#breadcrumb","itemListElement":[{"@type":"ListItem","position":1,"name":"Home","item":"https:\/\/povezanahrvatska.eu\/en\/"},{"@type":"ListItem","position":2,"name":"News","item":"https:\/\/povezanahrvatska.eu\/en\/vijesti\/"},{"@type":"ListItem","position":3,"name":"Presentation of EU project that will bring Bra\u010d together"}]},{"@type":"WebSite","@id":"https:\/\/povezanahrvatska.eu\/#website","url":"https:\/\/povezanahrvatska.eu\/","name":"Povezanahrvatska","description":"Povezanahrvatska","potentialAction":[{"@type":"SearchAction","target":{"@type":"EntryPoint","urlTemplate":"https:\/\/povezanahrvatska.eu\/?s={search_term_string}"},"query-input":"required name=search_term_string"}],"inLanguage":"en-US"}]}},"_links":{"self":[{"href":"https:\/\/povezanahrvatska.eu\/en\/wp-json\/wp\/v2\/news\/3020"}],"collection":[{"href":"https:\/\/povezanahrvatska.eu\/en\/wp-json\/wp\/v2\/news"}],"about":[{"href":"https:\/\/povezanahrvatska.eu\/en\/wp-json\/wp\/v2\/types\/news"}],"wp:featuredmedia":[{"embeddable":true,"href":"https:\/\/povezanahrvatska.eu\/en\/wp-json\/wp\/v2\/media\/3018"}],"wp:attachment":[{"href":"https:\/\/povezanahrvatska.eu\/en\/wp-json\/wp\/v2\/media?parent=3020"}],"curies":[{"name":"wp","href":"https:\/\/api.w.org\/{rel}","templated":true}]}}