{"id":3863,"date":"2021-06-07T13:20:00","date_gmt":"2021-06-07T13:20:00","guid":{"rendered":"https:\/\/povezanahrvatska.eu\/vijesti\/lucka-uprava-zadar-s-izvodacem-ugovorila-obnovu-zadarske-rive\/"},"modified":"2021-06-11T13:06:20","modified_gmt":"2021-06-11T13:06:20","slug":"lucka-uprava-zadar-s-izvodacem-ugovorila-obnovu-zadarske-rive","status":"publish","type":"news","link":"https:\/\/povezanahrvatska.eu\/en\/vijesti\/lucka-uprava-zadar-s-izvodacem-ugovorila-obnovu-zadarske-rive\/","title":{"rendered":"Zadar Port Authority signs deal with contractor for Zadar waterfront reconstruction"},"content":{"rendered":"\n<p>Today in Zadar, the director of the Zadar Port Authority <strong>Robert \u0160kifi\u0107<\/strong> and the management of the company Adriaing d.o.o. &#8211; Director <strong>Matja\u017e Andreja\u0161i\u010d<\/strong>, Procurator <strong>Jo\u017ee Andreja\u0161i\u010d<\/strong> and Director of the Buje branch <strong>Nino Filipin<\/strong> &#8211; signed a contract for the reconstruction of the Zadar waterfront worth approximately \u20ac6.4 million. The signing ceremony was attended by the President of the Management Board of the Zadar Port Authority and the County Prefect of Zadar <strong>Bo\u017eidar Longin<\/strong> and the Mayor of Zadar <strong>Branko Duki\u0107<\/strong>.<\/p>\n\n\n\n<p>The signing of the contract starts the 15 day countdown until the works begin. According to the plan, the works should take two years and three months to complete. In that period, 905 meters of the Petar Kre\u0161imir IV Coast will be reconstructed, and the pier on the Coast upgraded to enable the berthing of the line 409 Zadar &#8211; Preko. The Liburnian coast, on the other hand, will undergo the reconstruction of the 600-meter-long and 5-meter-wide shoreside section, which includes the coast and curbstones, pedestrian areas and five defunct ferry slips.<\/p>\n\n\n\n<h2 class=\"wp-block-heading\"><strong>A waterfront to be proud of<\/strong><\/h2>\n\n\n\n<p>A sense of civic pride was dominant among the guests at the signing. Prefect Bo\u017eidar Longin spoke about the sights and experiences on which the identity of Zadar rests: \u201c<em>Along with St. Donatus the waterfront is certainly a symbol of Zadar and there are none among us who didn&#8217;t walk on it in our youth, dive off, bathe at the pier and live alongside it in various ways. The Zadar waterfront is, among other things, along with Queen Jelena&#8217;s Park, the lungs of the city, and it has a special significance: many Zadar residents took their first steps there, new loves were born \u2026 Today we are a step away from a great shift, for the first time the waterfront that was battered and destroyed by bombing will be completely rebuilt<\/em>,&#8221; said Prefect Longin.<\/p>\n\n\n\n<p>Mayor Branko Duki\u0107 addressed the contractors with the words: \u201c<em>This is akin to touching the stones of the church of St. Donatus, so act with care, responsibility and caution at the waterfront! The waterfront of our city is beautiful, it is an emotional song and in this emotional moment at the terminal I am reminded that the people of Zadar turn dreams into reality<\/em>.&#8221;<\/p>\n\n\n\n<p>The mayor did not fail to thank the Minister of the Sea, Transport and Infrastructure <strong>Oleg Butkovi\u0107<\/strong> and State Secretary <strong>Josip Bilaver<\/strong> for their support and promises kept. The Ministry played a crucial role in enabling financial support to the project from the Operational Programme &#8220;Competitiveness and Cohesion 2014-2020.&#8221; Thanks to compliance with the objectives of the programme, the \u20ac9 million project &#8216;Reconstruction and construction of port infrastructure City of Zadar &#8211; Peninsula&#8217; received funding of around \u20ac7.55 million from the Cohesion Fund and over \u20ac1.3 million from the State Budget.<\/p>\n","protected":false},"excerpt":{"rendered":"<p>A contract was signed for the reconstruction of the Zadar waterfront worth approximately \u20ac6.4 million. Prefect Bo\u017eidar Longin and Zadar Mayor Branko Duki\u0107 spoke about the significance of the project for Zadar at the ceremony.<\/p>\n","protected":false},"featured_media":3856,"template":"","acf":[],"yoast_head":"<!-- This site is optimized with the Yoast SEO plugin v20.6 - https:\/\/yoast.com\/wordpress\/plugins\/seo\/ -->\n<title>Zadar Port Authority signs deal with contractor for Zadar waterfront reconstruction - Povezanahrvatska<\/title>\n<meta name=\"robots\" content=\"index, follow, max-snippet:-1, max-image-preview:large, max-video-preview:-1\" \/>\n<link rel=\"canonical\" href=\"https:\/\/povezanahrvatska.eu\/en\/vijesti\/lucka-uprava-zadar-s-izvodacem-ugovorila-obnovu-zadarske-rive\/\" \/>\n<meta property=\"og:locale\" content=\"en_US\" \/>\n<meta property=\"og:type\" content=\"article\" \/>\n<meta property=\"og:title\" content=\"Zadar Port Authority signs deal with contractor for Zadar waterfront reconstruction - Povezanahrvatska\" \/>\n<meta property=\"og:description\" content=\"A contract was signed for the reconstruction of the Zadar waterfront worth approximately \u20ac6.4 million. Prefect Bo\u017eidar Longin and Zadar Mayor Branko Duki\u0107 spoke about the significance of the project for Zadar at the ceremony.\" \/>\n<meta property=\"og:url\" content=\"https:\/\/povezanahrvatska.eu\/en\/vijesti\/lucka-uprava-zadar-s-izvodacem-ugovorila-obnovu-zadarske-rive\/\" \/>\n<meta property=\"og:site_name\" content=\"Povezanahrvatska\" \/>\n<meta property=\"article:modified_time\" content=\"2021-06-11T13:06:20+00:00\" \/>\n<meta property=\"og:image\" content=\"https:\/\/povezanahrvatska.eu\/wp-content\/uploads\/2021\/06\/RIVA_NATPIS_LOGOm_1617366253_1620920960.jpg\" \/>\n\t<meta property=\"og:image:width\" content=\"700\" \/>\n\t<meta property=\"og:image:height\" content=\"466\" \/>\n\t<meta property=\"og:image:type\" content=\"image\/jpeg\" \/>\n<meta name=\"twitter:card\" content=\"summary_large_image\" \/>\n<meta name=\"twitter:label1\" content=\"Est. reading time\" \/>\n\t<meta name=\"twitter:data1\" content=\"3 minutes\" \/>\n<script type=\"application\/ld+json\" class=\"yoast-schema-graph\">{\"@context\":\"https:\/\/schema.org\",\"@graph\":[{\"@type\":\"WebPage\",\"@id\":\"https:\/\/povezanahrvatska.eu\/en\/vijesti\/lucka-uprava-zadar-s-izvodacem-ugovorila-obnovu-zadarske-rive\/\",\"url\":\"https:\/\/povezanahrvatska.eu\/en\/vijesti\/lucka-uprava-zadar-s-izvodacem-ugovorila-obnovu-zadarske-rive\/\",\"name\":\"Zadar Port Authority signs deal with contractor for Zadar waterfront reconstruction - Povezanahrvatska\",\"isPartOf\":{\"@id\":\"https:\/\/povezanahrvatska.eu\/#website\"},\"datePublished\":\"2021-06-07T13:20:00+00:00\",\"dateModified\":\"2021-06-11T13:06:20+00:00\",\"breadcrumb\":{\"@id\":\"https:\/\/povezanahrvatska.eu\/en\/vijesti\/lucka-uprava-zadar-s-izvodacem-ugovorila-obnovu-zadarske-rive\/#breadcrumb\"},\"inLanguage\":\"en-US\",\"potentialAction\":[{\"@type\":\"ReadAction\",\"target\":[\"https:\/\/povezanahrvatska.eu\/en\/vijesti\/lucka-uprava-zadar-s-izvodacem-ugovorila-obnovu-zadarske-rive\/\"]}]},{\"@type\":\"BreadcrumbList\",\"@id\":\"https:\/\/povezanahrvatska.eu\/en\/vijesti\/lucka-uprava-zadar-s-izvodacem-ugovorila-obnovu-zadarske-rive\/#breadcrumb\",\"itemListElement\":[{\"@type\":\"ListItem\",\"position\":1,\"name\":\"Home\",\"item\":\"https:\/\/povezanahrvatska.eu\/en\/\"},{\"@type\":\"ListItem\",\"position\":2,\"name\":\"News\",\"item\":\"https:\/\/povezanahrvatska.eu\/en\/vijesti\/\"},{\"@type\":\"ListItem\",\"position\":3,\"name\":\"Zadar Port Authority signs deal with contractor for Zadar waterfront reconstruction\"}]},{\"@type\":\"WebSite\",\"@id\":\"https:\/\/povezanahrvatska.eu\/#website\",\"url\":\"https:\/\/povezanahrvatska.eu\/\",\"name\":\"Povezanahrvatska\",\"description\":\"Povezanahrvatska\",\"potentialAction\":[{\"@type\":\"SearchAction\",\"target\":{\"@type\":\"EntryPoint\",\"urlTemplate\":\"https:\/\/povezanahrvatska.eu\/?s={search_term_string}\"},\"query-input\":\"required name=search_term_string\"}],\"inLanguage\":\"en-US\"}]}<\/script>\n<!-- \/ Yoast SEO plugin. -->","yoast_head_json":{"title":"Zadar Port Authority signs deal with contractor for Zadar waterfront reconstruction - Povezanahrvatska","robots":{"index":"index","follow":"follow","max-snippet":"max-snippet:-1","max-image-preview":"max-image-preview:large","max-video-preview":"max-video-preview:-1"},"canonical":"https:\/\/povezanahrvatska.eu\/en\/vijesti\/lucka-uprava-zadar-s-izvodacem-ugovorila-obnovu-zadarske-rive\/","og_locale":"en_US","og_type":"article","og_title":"Zadar Port Authority signs deal with contractor for Zadar waterfront reconstruction - Povezanahrvatska","og_description":"A contract was signed for the reconstruction of the Zadar waterfront worth approximately \u20ac6.4 million. Prefect Bo\u017eidar Longin and Zadar Mayor Branko Duki\u0107 spoke about the significance of the project for Zadar at the ceremony.","og_url":"https:\/\/povezanahrvatska.eu\/en\/vijesti\/lucka-uprava-zadar-s-izvodacem-ugovorila-obnovu-zadarske-rive\/","og_site_name":"Povezanahrvatska","article_modified_time":"2021-06-11T13:06:20+00:00","og_image":[{"width":700,"height":466,"url":"https:\/\/povezanahrvatska.eu\/wp-content\/uploads\/2021\/06\/RIVA_NATPIS_LOGOm_1617366253_1620920960.jpg","type":"image\/jpeg"}],"twitter_card":"summary_large_image","twitter_misc":{"Est. reading time":"3 minutes"},"schema":{"@context":"https:\/\/schema.org","@graph":[{"@type":"WebPage","@id":"https:\/\/povezanahrvatska.eu\/en\/vijesti\/lucka-uprava-zadar-s-izvodacem-ugovorila-obnovu-zadarske-rive\/","url":"https:\/\/povezanahrvatska.eu\/en\/vijesti\/lucka-uprava-zadar-s-izvodacem-ugovorila-obnovu-zadarske-rive\/","name":"Zadar Port Authority signs deal with contractor for Zadar waterfront reconstruction - Povezanahrvatska","isPartOf":{"@id":"https:\/\/povezanahrvatska.eu\/#website"},"datePublished":"2021-06-07T13:20:00+00:00","dateModified":"2021-06-11T13:06:20+00:00","breadcrumb":{"@id":"https:\/\/povezanahrvatska.eu\/en\/vijesti\/lucka-uprava-zadar-s-izvodacem-ugovorila-obnovu-zadarske-rive\/#breadcrumb"},"inLanguage":"en-US","potentialAction":[{"@type":"ReadAction","target":["https:\/\/povezanahrvatska.eu\/en\/vijesti\/lucka-uprava-zadar-s-izvodacem-ugovorila-obnovu-zadarske-rive\/"]}]},{"@type":"BreadcrumbList","@id":"https:\/\/povezanahrvatska.eu\/en\/vijesti\/lucka-uprava-zadar-s-izvodacem-ugovorila-obnovu-zadarske-rive\/#breadcrumb","itemListElement":[{"@type":"ListItem","position":1,"name":"Home","item":"https:\/\/povezanahrvatska.eu\/en\/"},{"@type":"ListItem","position":2,"name":"News","item":"https:\/\/povezanahrvatska.eu\/en\/vijesti\/"},{"@type":"ListItem","position":3,"name":"Zadar Port Authority signs deal with contractor for Zadar waterfront reconstruction"}]},{"@type":"WebSite","@id":"https:\/\/povezanahrvatska.eu\/#website","url":"https:\/\/povezanahrvatska.eu\/","name":"Povezanahrvatska","description":"Povezanahrvatska","potentialAction":[{"@type":"SearchAction","target":{"@type":"EntryPoint","urlTemplate":"https:\/\/povezanahrvatska.eu\/?s={search_term_string}"},"query-input":"required name=search_term_string"}],"inLanguage":"en-US"}]}},"_links":{"self":[{"href":"https:\/\/povezanahrvatska.eu\/en\/wp-json\/wp\/v2\/news\/3863"}],"collection":[{"href":"https:\/\/povezanahrvatska.eu\/en\/wp-json\/wp\/v2\/news"}],"about":[{"href":"https:\/\/povezanahrvatska.eu\/en\/wp-json\/wp\/v2\/types\/news"}],"wp:featuredmedia":[{"embeddable":true,"href":"https:\/\/povezanahrvatska.eu\/en\/wp-json\/wp\/v2\/media\/3856"}],"wp:attachment":[{"href":"https:\/\/povezanahrvatska.eu\/en\/wp-json\/wp\/v2\/media?parent=3863"}],"curies":[{"name":"wp","href":"https:\/\/api.w.org\/{rel}","templated":true}]}}