{"id":4312,"date":"2021-10-29T09:41:19","date_gmt":"2021-10-29T09:41:19","guid":{"rendered":"https:\/\/povezanahrvatska.eu\/vijesti\/udareni-temelji-novog-trajektnog-pristanista-vela-luka\/"},"modified":"2021-10-29T11:06:43","modified_gmt":"2021-10-29T11:06:43","slug":"udareni-temelji-novog-trajektnog-pristanista-vela-luka","status":"publish","type":"news","link":"https:\/\/povezanahrvatska.eu\/en\/vijesti\/udareni-temelji-novog-trajektnog-pristanista-vela-luka\/","title":{"rendered":"Foundations laid for new ferry port Vela Luka"},"content":{"rendered":"\n<p>The works on the capital project of constructing the maritime passenger terminal in Vela Luka are 25 percent complete. This is an indication that the works, started in late May, are progressing at a high intensity.<\/p>\n\n\n\n<p>The hefty \u20ac10 million works contract stipulates 18 months to execute the project. County Port Authority Vela Luka is responsible for the implementation of the project. The Port Authority believe the possibility exists that the action could be completed ahead of the contractual deadline.<\/p>\n\n\n\n<p>This is welcome news, considering Vela Luka is the second-largest port infrastructure project financed with EU support. Another future asset for the island of Kor\u010dula &#8211; the new port of Pola\u010di\u0161te &#8211; occupies the top spot.<\/p>\n\n\n\n<p>In Vela Luka, 515 m of shoreline will be expanded to accommodate 3 ferry berths. The port will thereby gain the capacity to receive two 70-meter ferries and a single 150-meter ferry. The expansion will increase the port operational area, used during the ferry embarkation\/disembarkation, by 18 and a half thousand square meters.<\/p>\n\n\n\n<p>So far, the works revolved around driving concrete piles into the seabed, building the foundation and constructing massive supporting pillars. These will support the structure that will be added later. Looking at the load-bearing elements rising from the sea offers a glimpse at the scale and subsequent finished appearance of the terminal.<\/p>\n\n\n\n<h2 class=\"wp-block-heading\">Infrastructure keeping up with demand<\/h2>\n\n\n\n<p>Asked about the expected benefits of the \u20ac14.8 million project, the County Port Authority Director, <strong>Boris \u017duvela<\/strong>, offered an explanation. &#8220;<em>This is an extremely important project for Vela Luka, and Kor\u010dula as a whole. It is about connecting the island with the mainland. Boarding vehicles traveling to Split is possible only in the port of Vela Luka, and the number of passengers and vehicles booking passage on this line is growing each year. The existing ferry port is simply unable to keep up with such an increase. We are running into physical limitations and can not proceed without a new port. The new terminal will improve the mooring conditions for ferries, which brings more passengers and vehicles in the long run, facilitates transport to the mainland and, hopefully, leads to the introduction of additional lines.<\/em>&#8221; the Director said.<\/p>\n\n\n\n<p>The necessity of building new port infrastructure is recognized in the Operational Programme &#8220;Competitiveness and Cohesion 2014-2020&#8221;. As part of the program, \u20ac10.3 million was provided for the construction of the terminal from the Cohesion Fund, and \u20ac1.8 million from the State Budget.<\/p>\n","protected":false},"excerpt":{"rendered":"<p>At the construction site of the ferry port Vela Luka, works on the load-bearing structure are coming along nicely. Should the contractor proceed at the current pace, Vela Luka should have a suitable terminal to receive domestic and international ferry lines by autumn of 2022.<\/p>\n","protected":false},"featured_media":4310,"template":"","acf":[],"yoast_head":"<!-- This site is optimized with the Yoast SEO plugin v20.6 - https:\/\/yoast.com\/wordpress\/plugins\/seo\/ -->\n<title>Foundations laid for new ferry port Vela Luka - Povezanahrvatska<\/title>\n<meta name=\"robots\" content=\"index, follow, max-snippet:-1, max-image-preview:large, max-video-preview:-1\" \/>\n<link rel=\"canonical\" href=\"https:\/\/povezanahrvatska.eu\/en\/vijesti\/udareni-temelji-novog-trajektnog-pristanista-vela-luka\/\" \/>\n<meta property=\"og:locale\" content=\"en_US\" \/>\n<meta property=\"og:type\" content=\"article\" \/>\n<meta property=\"og:title\" content=\"Foundations laid for new ferry port Vela Luka - Povezanahrvatska\" \/>\n<meta property=\"og:description\" content=\"At the construction site of the ferry port Vela Luka, works on the load-bearing structure are coming along nicely. Should the contractor proceed at the current pace, Vela Luka should have a suitable terminal to receive domestic and international ferry lines by autumn of 2022.\" \/>\n<meta property=\"og:url\" content=\"https:\/\/povezanahrvatska.eu\/en\/vijesti\/udareni-temelji-novog-trajektnog-pristanista-vela-luka\/\" \/>\n<meta property=\"og:site_name\" content=\"Povezanahrvatska\" \/>\n<meta property=\"article:modified_time\" content=\"2021-10-29T11:06:43+00:00\" \/>\n<meta property=\"og:image\" content=\"https:\/\/povezanahrvatska.eu\/wp-content\/uploads\/2021\/10\/614b0fc06dcbc512777271-scaled.jpg\" \/>\n\t<meta property=\"og:image:width\" content=\"2560\" \/>\n\t<meta property=\"og:image:height\" content=\"1440\" \/>\n\t<meta property=\"og:image:type\" content=\"image\/jpeg\" \/>\n<meta name=\"twitter:card\" content=\"summary_large_image\" \/>\n<meta name=\"twitter:label1\" content=\"Est. reading time\" \/>\n\t<meta name=\"twitter:data1\" content=\"2 minutes\" \/>\n<script type=\"application\/ld+json\" class=\"yoast-schema-graph\">{\"@context\":\"https:\/\/schema.org\",\"@graph\":[{\"@type\":\"WebPage\",\"@id\":\"https:\/\/povezanahrvatska.eu\/en\/vijesti\/udareni-temelji-novog-trajektnog-pristanista-vela-luka\/\",\"url\":\"https:\/\/povezanahrvatska.eu\/en\/vijesti\/udareni-temelji-novog-trajektnog-pristanista-vela-luka\/\",\"name\":\"Foundations laid for new ferry port Vela Luka - Povezanahrvatska\",\"isPartOf\":{\"@id\":\"https:\/\/povezanahrvatska.eu\/#website\"},\"datePublished\":\"2021-10-29T09:41:19+00:00\",\"dateModified\":\"2021-10-29T11:06:43+00:00\",\"breadcrumb\":{\"@id\":\"https:\/\/povezanahrvatska.eu\/en\/vijesti\/udareni-temelji-novog-trajektnog-pristanista-vela-luka\/#breadcrumb\"},\"inLanguage\":\"en-US\",\"potentialAction\":[{\"@type\":\"ReadAction\",\"target\":[\"https:\/\/povezanahrvatska.eu\/en\/vijesti\/udareni-temelji-novog-trajektnog-pristanista-vela-luka\/\"]}]},{\"@type\":\"BreadcrumbList\",\"@id\":\"https:\/\/povezanahrvatska.eu\/en\/vijesti\/udareni-temelji-novog-trajektnog-pristanista-vela-luka\/#breadcrumb\",\"itemListElement\":[{\"@type\":\"ListItem\",\"position\":1,\"name\":\"Home\",\"item\":\"https:\/\/povezanahrvatska.eu\/en\/\"},{\"@type\":\"ListItem\",\"position\":2,\"name\":\"News\",\"item\":\"https:\/\/povezanahrvatska.eu\/en\/vijesti\/\"},{\"@type\":\"ListItem\",\"position\":3,\"name\":\"Foundations laid for new ferry port Vela Luka\"}]},{\"@type\":\"WebSite\",\"@id\":\"https:\/\/povezanahrvatska.eu\/#website\",\"url\":\"https:\/\/povezanahrvatska.eu\/\",\"name\":\"Povezanahrvatska\",\"description\":\"Povezanahrvatska\",\"potentialAction\":[{\"@type\":\"SearchAction\",\"target\":{\"@type\":\"EntryPoint\",\"urlTemplate\":\"https:\/\/povezanahrvatska.eu\/?s={search_term_string}\"},\"query-input\":\"required name=search_term_string\"}],\"inLanguage\":\"en-US\"}]}<\/script>\n<!-- \/ Yoast SEO plugin. -->","yoast_head_json":{"title":"Foundations laid for new ferry port Vela Luka - Povezanahrvatska","robots":{"index":"index","follow":"follow","max-snippet":"max-snippet:-1","max-image-preview":"max-image-preview:large","max-video-preview":"max-video-preview:-1"},"canonical":"https:\/\/povezanahrvatska.eu\/en\/vijesti\/udareni-temelji-novog-trajektnog-pristanista-vela-luka\/","og_locale":"en_US","og_type":"article","og_title":"Foundations laid for new ferry port Vela Luka - Povezanahrvatska","og_description":"At the construction site of the ferry port Vela Luka, works on the load-bearing structure are coming along nicely. Should the contractor proceed at the current pace, Vela Luka should have a suitable terminal to receive domestic and international ferry lines by autumn of 2022.","og_url":"https:\/\/povezanahrvatska.eu\/en\/vijesti\/udareni-temelji-novog-trajektnog-pristanista-vela-luka\/","og_site_name":"Povezanahrvatska","article_modified_time":"2021-10-29T11:06:43+00:00","og_image":[{"width":2560,"height":1440,"url":"https:\/\/povezanahrvatska.eu\/wp-content\/uploads\/2021\/10\/614b0fc06dcbc512777271-scaled.jpg","type":"image\/jpeg"}],"twitter_card":"summary_large_image","twitter_misc":{"Est. reading time":"2 minutes"},"schema":{"@context":"https:\/\/schema.org","@graph":[{"@type":"WebPage","@id":"https:\/\/povezanahrvatska.eu\/en\/vijesti\/udareni-temelji-novog-trajektnog-pristanista-vela-luka\/","url":"https:\/\/povezanahrvatska.eu\/en\/vijesti\/udareni-temelji-novog-trajektnog-pristanista-vela-luka\/","name":"Foundations laid for new ferry port Vela Luka - Povezanahrvatska","isPartOf":{"@id":"https:\/\/povezanahrvatska.eu\/#website"},"datePublished":"2021-10-29T09:41:19+00:00","dateModified":"2021-10-29T11:06:43+00:00","breadcrumb":{"@id":"https:\/\/povezanahrvatska.eu\/en\/vijesti\/udareni-temelji-novog-trajektnog-pristanista-vela-luka\/#breadcrumb"},"inLanguage":"en-US","potentialAction":[{"@type":"ReadAction","target":["https:\/\/povezanahrvatska.eu\/en\/vijesti\/udareni-temelji-novog-trajektnog-pristanista-vela-luka\/"]}]},{"@type":"BreadcrumbList","@id":"https:\/\/povezanahrvatska.eu\/en\/vijesti\/udareni-temelji-novog-trajektnog-pristanista-vela-luka\/#breadcrumb","itemListElement":[{"@type":"ListItem","position":1,"name":"Home","item":"https:\/\/povezanahrvatska.eu\/en\/"},{"@type":"ListItem","position":2,"name":"News","item":"https:\/\/povezanahrvatska.eu\/en\/vijesti\/"},{"@type":"ListItem","position":3,"name":"Foundations laid for new ferry port Vela Luka"}]},{"@type":"WebSite","@id":"https:\/\/povezanahrvatska.eu\/#website","url":"https:\/\/povezanahrvatska.eu\/","name":"Povezanahrvatska","description":"Povezanahrvatska","potentialAction":[{"@type":"SearchAction","target":{"@type":"EntryPoint","urlTemplate":"https:\/\/povezanahrvatska.eu\/?s={search_term_string}"},"query-input":"required name=search_term_string"}],"inLanguage":"en-US"}]}},"_links":{"self":[{"href":"https:\/\/povezanahrvatska.eu\/en\/wp-json\/wp\/v2\/news\/4312"}],"collection":[{"href":"https:\/\/povezanahrvatska.eu\/en\/wp-json\/wp\/v2\/news"}],"about":[{"href":"https:\/\/povezanahrvatska.eu\/en\/wp-json\/wp\/v2\/types\/news"}],"wp:featuredmedia":[{"embeddable":true,"href":"https:\/\/povezanahrvatska.eu\/en\/wp-json\/wp\/v2\/media\/4310"}],"wp:attachment":[{"href":"https:\/\/povezanahrvatska.eu\/en\/wp-json\/wp\/v2\/media?parent=4312"}],"curies":[{"name":"wp","href":"https:\/\/api.w.org\/{rel}","templated":true}]}}