{"id":5201,"date":"2022-07-25T13:48:38","date_gmt":"2022-07-25T13:48:38","guid":{"rendered":"https:\/\/povezanahrvatska.eu\/vijesti\/otvorenje-trajektnog-pristanista-u-sucurju\/"},"modified":"2022-07-26T07:05:40","modified_gmt":"2022-07-26T07:05:40","slug":"otvorenje-trajektnog-pristanista-u-sucurju","status":"publish","type":"news","link":"https:\/\/povezanahrvatska.eu\/en\/vijesti\/otvorenje-trajektnog-pristanista-u-sucurju\/","title":{"rendered":"Su\u0107uraj on Hvar welcomes the opening of new ferry pier"},"content":{"rendered":"\n<p>Mayor Slavi\u0107 emphasized the significance of the project: &#8220;<em>Today we are witnessing the opening of the ferry pier that the residents of the island of Hvar have been waiting for a long time. The new pier will allow ferries carrying up to 100 cars to dock. This will reduce the current congestion and speed up the flow of vehicles and passengers in the ports of Su\u0107uraj and Drvenik, between which more than 1,100 cars are transferred daily in the summer season, and between 300 and 500 thousand passengers annually. Therefore, this is a significant event for the island of Hvar; all its residents, visitors and tourists.<\/em>&#8220;<\/p>\n\n\n\n<p>Long waiting times, for Hvar residents and their guests, were the initial impulse for the project. Due to the inadequate pier, the waiting time to board the ferry stretched up to four hours in the summer. The wait for the construction works to finish had lasted since October 2019, when the works started. Since then, 3,500 square meters of the coastal strip have been successfully landscaped. An 80-metre jetty with twin 20-metre boarding ramps has been built. Traffic access to the ferry dock area has also been improved. Accomplishing this marked the completion of the largest and most important infrastructure project in Su\u0107uraj Municipality, and the wait came to an end.<\/p>\n\n\n\n<h2 class=\"wp-block-heading\">A product of the balanced regional development policy<\/h2>\n\n\n\n<p>The construction of the ferry pier raised the safety level for maritime traffic in the port. This enables the replacement of smaller ferries, with a capacity of 36 vehicles and 150 passengers, on the Drvenik-Su\u0107uraj line with ferries of the Supetar type, with a capacity of 100 vehicles and 600 passengers.<\/p>\n\n\n\n<p>Prime Minister Andrej Plenkovi\u0107, during an official visit to the island of Hvar on Thursday and Friday, acknowledged all those who contributed to the opening of the outer ferry berth in the port of Su\u0107uraj. He pointed out that the investment of \u20ac2.9 million, receiving \u20ac2.4 million in support from the Cohesion Fund, has improved the traffic connection of the mainland and the island of Hvar with the port, allowing larger capacity ferries to dock there.<\/p>\n\n\n\n<p>&#8220;<em>We want our policy of balanced regional development to provide all islanders with better and more affordable living, better and higher-quality mobility, and that in the 2022 tourist season, which has already reached 96 percent of the record number of overnight stays in 2019, revenues continue to grow and that tourism, together with all related activities, makes a great contribution to GDP growth<\/em>&#8220;, concluded the Prime Minister.<\/p>\n","protected":false},"excerpt":{"rendered":"<p>The outer berth of the port of Su\u0107uraj, which will be used as a ferry dock, was opened on Friday, July 22, with a customary ceremony including a priestly blessing. Prime Minister Andrej Plenkovi\u0107, the Prefect of Split-Dalmatia County Bla\u017eenko Boban, Mayor of Su\u0107uraj Ivan Slavi\u0107 and Director of Port Authority of Split-Dalmatia County Domagoj Maroevi\u0107 attended to show their support for the project.<\/p>\n","protected":false},"featured_media":5199,"template":"","acf":[],"yoast_head":"<!-- This site is optimized with the Yoast SEO plugin v20.6 - https:\/\/yoast.com\/wordpress\/plugins\/seo\/ -->\n<title>Su\u0107uraj on Hvar welcomes the opening of new ferry pier - Povezanahrvatska<\/title>\n<meta name=\"robots\" content=\"index, follow, max-snippet:-1, max-image-preview:large, max-video-preview:-1\" \/>\n<link rel=\"canonical\" href=\"https:\/\/povezanahrvatska.eu\/en\/vijesti\/otvorenje-trajektnog-pristanista-u-sucurju\/\" \/>\n<meta property=\"og:locale\" content=\"en_US\" \/>\n<meta property=\"og:type\" content=\"article\" \/>\n<meta property=\"og:title\" content=\"Su\u0107uraj on Hvar welcomes the opening of new ferry pier - Povezanahrvatska\" \/>\n<meta property=\"og:description\" content=\"The outer berth of the port of Su\u0107uraj, which will be used as a ferry dock, was opened on Friday, July 22, with a customary ceremony including a priestly blessing. Prime Minister Andrej Plenkovi\u0107, the Prefect of Split-Dalmatia County Bla\u017eenko Boban, Mayor of Su\u0107uraj Ivan Slavi\u0107 and Director of Port Authority of Split-Dalmatia County Domagoj Maroevi\u0107 attended to show their support for the project.\" \/>\n<meta property=\"og:url\" content=\"https:\/\/povezanahrvatska.eu\/en\/vijesti\/otvorenje-trajektnog-pristanista-u-sucurju\/\" \/>\n<meta property=\"og:site_name\" content=\"Povezanahrvatska\" \/>\n<meta property=\"article:modified_time\" content=\"2022-07-26T07:05:40+00:00\" \/>\n<meta property=\"og:image\" content=\"https:\/\/povezanahrvatska.eu\/wp-content\/uploads\/2022\/07\/VRH_8779-2.jpg\" \/>\n\t<meta property=\"og:image:width\" content=\"750\" \/>\n\t<meta property=\"og:image:height\" content=\"500\" \/>\n\t<meta property=\"og:image:type\" content=\"image\/jpeg\" \/>\n<meta name=\"twitter:card\" content=\"summary_large_image\" \/>\n<meta name=\"twitter:label1\" content=\"Est. reading time\" \/>\n\t<meta name=\"twitter:data1\" content=\"3 minutes\" \/>\n<script type=\"application\/ld+json\" class=\"yoast-schema-graph\">{\"@context\":\"https:\/\/schema.org\",\"@graph\":[{\"@type\":\"WebPage\",\"@id\":\"https:\/\/povezanahrvatska.eu\/en\/vijesti\/otvorenje-trajektnog-pristanista-u-sucurju\/\",\"url\":\"https:\/\/povezanahrvatska.eu\/en\/vijesti\/otvorenje-trajektnog-pristanista-u-sucurju\/\",\"name\":\"Su\u0107uraj on Hvar welcomes the opening of new ferry pier - Povezanahrvatska\",\"isPartOf\":{\"@id\":\"https:\/\/povezanahrvatska.eu\/#website\"},\"datePublished\":\"2022-07-25T13:48:38+00:00\",\"dateModified\":\"2022-07-26T07:05:40+00:00\",\"breadcrumb\":{\"@id\":\"https:\/\/povezanahrvatska.eu\/en\/vijesti\/otvorenje-trajektnog-pristanista-u-sucurju\/#breadcrumb\"},\"inLanguage\":\"en-US\",\"potentialAction\":[{\"@type\":\"ReadAction\",\"target\":[\"https:\/\/povezanahrvatska.eu\/en\/vijesti\/otvorenje-trajektnog-pristanista-u-sucurju\/\"]}]},{\"@type\":\"BreadcrumbList\",\"@id\":\"https:\/\/povezanahrvatska.eu\/en\/vijesti\/otvorenje-trajektnog-pristanista-u-sucurju\/#breadcrumb\",\"itemListElement\":[{\"@type\":\"ListItem\",\"position\":1,\"name\":\"Home\",\"item\":\"https:\/\/povezanahrvatska.eu\/en\/\"},{\"@type\":\"ListItem\",\"position\":2,\"name\":\"News\",\"item\":\"https:\/\/povezanahrvatska.eu\/en\/vijesti\/\"},{\"@type\":\"ListItem\",\"position\":3,\"name\":\"Su\u0107uraj on Hvar welcomes the opening of new ferry pier\"}]},{\"@type\":\"WebSite\",\"@id\":\"https:\/\/povezanahrvatska.eu\/#website\",\"url\":\"https:\/\/povezanahrvatska.eu\/\",\"name\":\"Povezanahrvatska\",\"description\":\"Povezanahrvatska\",\"potentialAction\":[{\"@type\":\"SearchAction\",\"target\":{\"@type\":\"EntryPoint\",\"urlTemplate\":\"https:\/\/povezanahrvatska.eu\/?s={search_term_string}\"},\"query-input\":\"required name=search_term_string\"}],\"inLanguage\":\"en-US\"}]}<\/script>\n<!-- \/ Yoast SEO plugin. -->","yoast_head_json":{"title":"Su\u0107uraj on Hvar welcomes the opening of new ferry pier - Povezanahrvatska","robots":{"index":"index","follow":"follow","max-snippet":"max-snippet:-1","max-image-preview":"max-image-preview:large","max-video-preview":"max-video-preview:-1"},"canonical":"https:\/\/povezanahrvatska.eu\/en\/vijesti\/otvorenje-trajektnog-pristanista-u-sucurju\/","og_locale":"en_US","og_type":"article","og_title":"Su\u0107uraj on Hvar welcomes the opening of new ferry pier - Povezanahrvatska","og_description":"The outer berth of the port of Su\u0107uraj, which will be used as a ferry dock, was opened on Friday, July 22, with a customary ceremony including a priestly blessing. Prime Minister Andrej Plenkovi\u0107, the Prefect of Split-Dalmatia County Bla\u017eenko Boban, Mayor of Su\u0107uraj Ivan Slavi\u0107 and Director of Port Authority of Split-Dalmatia County Domagoj Maroevi\u0107 attended to show their support for the project.","og_url":"https:\/\/povezanahrvatska.eu\/en\/vijesti\/otvorenje-trajektnog-pristanista-u-sucurju\/","og_site_name":"Povezanahrvatska","article_modified_time":"2022-07-26T07:05:40+00:00","og_image":[{"width":750,"height":500,"url":"https:\/\/povezanahrvatska.eu\/wp-content\/uploads\/2022\/07\/VRH_8779-2.jpg","type":"image\/jpeg"}],"twitter_card":"summary_large_image","twitter_misc":{"Est. reading time":"3 minutes"},"schema":{"@context":"https:\/\/schema.org","@graph":[{"@type":"WebPage","@id":"https:\/\/povezanahrvatska.eu\/en\/vijesti\/otvorenje-trajektnog-pristanista-u-sucurju\/","url":"https:\/\/povezanahrvatska.eu\/en\/vijesti\/otvorenje-trajektnog-pristanista-u-sucurju\/","name":"Su\u0107uraj on Hvar welcomes the opening of new ferry pier - Povezanahrvatska","isPartOf":{"@id":"https:\/\/povezanahrvatska.eu\/#website"},"datePublished":"2022-07-25T13:48:38+00:00","dateModified":"2022-07-26T07:05:40+00:00","breadcrumb":{"@id":"https:\/\/povezanahrvatska.eu\/en\/vijesti\/otvorenje-trajektnog-pristanista-u-sucurju\/#breadcrumb"},"inLanguage":"en-US","potentialAction":[{"@type":"ReadAction","target":["https:\/\/povezanahrvatska.eu\/en\/vijesti\/otvorenje-trajektnog-pristanista-u-sucurju\/"]}]},{"@type":"BreadcrumbList","@id":"https:\/\/povezanahrvatska.eu\/en\/vijesti\/otvorenje-trajektnog-pristanista-u-sucurju\/#breadcrumb","itemListElement":[{"@type":"ListItem","position":1,"name":"Home","item":"https:\/\/povezanahrvatska.eu\/en\/"},{"@type":"ListItem","position":2,"name":"News","item":"https:\/\/povezanahrvatska.eu\/en\/vijesti\/"},{"@type":"ListItem","position":3,"name":"Su\u0107uraj on Hvar welcomes the opening of new ferry pier"}]},{"@type":"WebSite","@id":"https:\/\/povezanahrvatska.eu\/#website","url":"https:\/\/povezanahrvatska.eu\/","name":"Povezanahrvatska","description":"Povezanahrvatska","potentialAction":[{"@type":"SearchAction","target":{"@type":"EntryPoint","urlTemplate":"https:\/\/povezanahrvatska.eu\/?s={search_term_string}"},"query-input":"required name=search_term_string"}],"inLanguage":"en-US"}]}},"_links":{"self":[{"href":"https:\/\/povezanahrvatska.eu\/en\/wp-json\/wp\/v2\/news\/5201"}],"collection":[{"href":"https:\/\/povezanahrvatska.eu\/en\/wp-json\/wp\/v2\/news"}],"about":[{"href":"https:\/\/povezanahrvatska.eu\/en\/wp-json\/wp\/v2\/types\/news"}],"wp:featuredmedia":[{"embeddable":true,"href":"https:\/\/povezanahrvatska.eu\/en\/wp-json\/wp\/v2\/media\/5199"}],"wp:attachment":[{"href":"https:\/\/povezanahrvatska.eu\/en\/wp-json\/wp\/v2\/media?parent=5201"}],"curies":[{"name":"wp","href":"https:\/\/api.w.org\/{rel}","templated":true}]}}